{"id":17330,"date":"2025-08-06T15:36:22","date_gmt":"2025-08-06T13:36:22","guid":{"rendered":"https:\/\/a2b.sk\/?p=17330"},"modified":"2025-08-21T09:04:37","modified_gmt":"2025-08-21T07:04:37","slug":"a2b-priviedlo-solarnu-energiu-na-festival-pohoda-2025","status":"publish","type":"post","link":"https:\/\/a2b.sk\/en\/news\/a2b-priviedlo-solarnu-energiu-na-festival-pohoda-2025\/","title":{"rendered":"A2B priviedlo sol\u00e1rnu energiu na festival POHODA 2025"},"content":{"rendered":"\n<p>Letn\u00e1 festivalov\u00e1 sez\u00f3na sa op\u00e4\u0165 rozbehla naplno \u2013 a my sme boli pri tom! Na festivale POHODA 2025 sme spojili sily s Orange Slovensko, aby sme n\u00e1v\u0161tevn\u00edkom pon\u00fakli komfortn\u00e9 a udr\u017eate\u013en\u00e9 nab\u00edjanie v srdci diania.<\/p>\n\n\n\n<p><strong>Nab\u00edja\u010dky nap\u00e1jan\u00e9 slnkom<\/strong><\/p>\n\n\n\n<p>Vo festivalovej Orange z\u00f3ne bola po cel\u00fa dobu n\u00e1v\u0161tevn\u00edkom k dispoz\u00edcii nab\u00edjacia stanica, ktor\u00fa nap\u00e1jala mobiln\u00e1 sol\u00e1rna technol\u00f3gia A2B.<\/p>\n\n\n\n<p>Na\u0161e off-grid energetick\u00e9 rie\u0161enie poskytovalo dostatok \u010distej energie pre stovky mobiln\u00fdch telef\u00f3nov, a to \u00faplne bez emisi\u00ed, hluku alebo nutnosti pripojenia k distribu\u010dnej sieti.<\/p>\n\n\n\n<figure class=\"wp-block-image size-large\"><img fetchpriority=\"high\" decoding=\"async\" width=\"575\" height=\"1024\" src=\"https:\/\/a2b.sk\/wp-content\/uploads\/2025\/08\/DSCF0315-575x1024.jpeg\" alt=\"\" class=\"wp-image-17339\" srcset=\"https:\/\/a2b.sk\/wp-content\/uploads\/2025\/08\/DSCF0315-575x1024.jpeg 575w, https:\/\/a2b.sk\/wp-content\/uploads\/2025\/08\/DSCF0315-169x300.jpeg 169w, https:\/\/a2b.sk\/wp-content\/uploads\/2025\/08\/DSCF0315-768x1367.jpeg 768w, https:\/\/a2b.sk\/wp-content\/uploads\/2025\/08\/DSCF0315-863x1536.jpeg 863w, https:\/\/a2b.sk\/wp-content\/uploads\/2025\/08\/DSCF0315.jpeg 1079w\" sizes=\"(max-width: 575px) 100vw, 575px\" \/><\/figure>\n\n\n\n<p><strong>Udr\u017eate\u013ene, bez kompromisov<\/strong><\/p>\n\n\n\n<p>Technol\u00f3giu, ktor\u00fa be\u017ene nasadzujeme pre telekomunika\u010dn\u00e9 a priemyseln\u00e9 aplik\u00e1cie, sme prisp\u00f4sobili prostredie festivalu \u2013 s d\u00f4razom na mobilitu, r\u00fdchlu in\u0161tal\u00e1ciu a \u00fapln\u00fa energetick\u00fa nez\u00e1vislos\u0165. Spojen\u00edm s v\u00edziou Orange sme n\u00e1v\u0161tevn\u00edkom uk\u00e1zali, \u017ee aj ve\u013ek\u00e9 akcie sa daj\u00fa nap\u00e1ja\u0165 m\u00fadro a ekologicky.<\/p>\n\n\n\n<p>Udr\u017eate\u013enos\u0165 nie je len trend, je to z\u00e1v\u00e4zok. A my ho berieme v\u00e1\u017ene.<\/p>\n\n\n\n<p>\ud83d\udc49 Sledujte n\u00e1s pre \u010fal\u0161ie novinky z oblasti smart energy rie\u0161en\u00ed pre n\u00e1ro\u010dn\u00e9 prostredie.<\/p>\n\n\n\n<figure class=\"wp-block-image size-large\"><img decoding=\"async\" width=\"1024\" height=\"682\" src=\"https:\/\/a2b.sk\/wp-content\/uploads\/2025\/08\/1753112358861-1-1024x682.jpg\" alt=\"\" class=\"wp-image-17343\" srcset=\"https:\/\/a2b.sk\/wp-content\/uploads\/2025\/08\/1753112358861-1-1024x682.jpg 1024w, https:\/\/a2b.sk\/wp-content\/uploads\/2025\/08\/1753112358861-1-300x200.jpg 300w, https:\/\/a2b.sk\/wp-content\/uploads\/2025\/08\/1753112358861-1-768x512.jpg 768w, https:\/\/a2b.sk\/wp-content\/uploads\/2025\/08\/1753112358861-1-1536x1023.jpg 1536w, https:\/\/a2b.sk\/wp-content\/uploads\/2025\/08\/1753112358861-1.jpg 1600w\" sizes=\"(max-width: 1024px) 100vw, 1024px\" \/><\/figure>\n\n\n\n<figure class=\"wp-block-image size-large\"><img decoding=\"async\" width=\"682\" height=\"1024\" src=\"https:\/\/a2b.sk\/wp-content\/uploads\/2025\/08\/1753112354918-1-682x1024.jpg\" alt=\"\" class=\"wp-image-17341\" srcset=\"https:\/\/a2b.sk\/wp-content\/uploads\/2025\/08\/1753112354918-1-682x1024.jpg 682w, https:\/\/a2b.sk\/wp-content\/uploads\/2025\/08\/1753112354918-1-200x300.jpg 200w, https:\/\/a2b.sk\/wp-content\/uploads\/2025\/08\/1753112354918-1-768x1153.jpg 768w, https:\/\/a2b.sk\/wp-content\/uploads\/2025\/08\/1753112354918-1-1023x1536.jpg 1023w, https:\/\/a2b.sk\/wp-content\/uploads\/2025\/08\/1753112354918-1.jpg 1066w\" sizes=\"(max-width: 682px) 100vw, 682px\" \/><\/figure>\n\n\n\n<figure class=\"wp-block-image size-large\"><img loading=\"lazy\" decoding=\"async\" width=\"1024\" height=\"576\" src=\"https:\/\/a2b.sk\/wp-content\/uploads\/2025\/08\/1753112353961-1-1024x576.jpg\" alt=\"\" class=\"wp-image-17345\" srcset=\"https:\/\/a2b.sk\/wp-content\/uploads\/2025\/08\/1753112353961-1-1024x576.jpg 1024w, https:\/\/a2b.sk\/wp-content\/uploads\/2025\/08\/1753112353961-1-300x169.jpg 300w, https:\/\/a2b.sk\/wp-content\/uploads\/2025\/08\/1753112353961-1-768x432.jpg 768w, https:\/\/a2b.sk\/wp-content\/uploads\/2025\/08\/1753112353961-1-1536x864.jpg 1536w, https:\/\/a2b.sk\/wp-content\/uploads\/2025\/08\/1753112353961-1.jpg 1600w\" sizes=\"(max-width: 1024px) 100vw, 1024px\" \/><\/figure>\n","protected":false},"excerpt":{"rendered":"<p>Letn\u00e1 festivalov\u00e1 sez\u00f3na sa op\u00e4\u0165 rozbehla naplno \u2013 a my sme boli pri tom! Na festivale POHODA 2025 sme spojili sily s Orange Slovensko, aby sme n\u00e1v\u0161tevn\u00edkom pon\u00fakli komfortn\u00e9 a udr\u017eate\u013en\u00e9 nab\u00edjanie v srdci diania. Nab\u00edja\u010dky nap\u00e1jan\u00e9 slnkom Vo festivalovej Orange z\u00f3ne bola po cel\u00fa dobu n\u00e1v\u0161tevn\u00edkom k dispoz\u00edcii nab\u00edjacia stanica, ktor\u00fa nap\u00e1jala mobiln\u00e1 sol\u00e1rna [&hellip;]<\/p>\n","protected":false},"author":3,"featured_media":17347,"comment_status":"open","ping_status":"open","sticky":false,"template":"","format":"standard","meta":{"_acf_changed":false,"footnotes":""},"categories":[13],"tags":[],"class_list":["post-17330","post","type-post","status-publish","format-standard","has-post-thumbnail","hentry","category-aktuality"],"acf":{"photo_gallery":{"galeria":[[]]}},"yoast_head":"<!-- This site is optimized with the Yoast SEO plugin v23.1 - https:\/\/yoast.com\/wordpress\/plugins\/seo\/ -->\n<title>A2B priviedlo sol\u00e1rnu energiu na festival POHODA 2025 - a2b - energy for the future<\/title>\n<meta name=\"robots\" content=\"index, follow, max-snippet:-1, max-image-preview:large, max-video-preview:-1\" \/>\n<link rel=\"canonical\" href=\"https:\/\/a2b.sk\/en\/news\/a2b-priviedlo-solarnu-energiu-na-festival-pohoda-2025\/\" \/>\n<meta property=\"og:locale\" content=\"en_US\" \/>\n<meta property=\"og:type\" content=\"article\" \/>\n<meta property=\"og:title\" content=\"A2B priviedlo sol\u00e1rnu energiu na festival POHODA 2025 - a2b - energy for the future\" \/>\n<meta property=\"og:description\" content=\"Letn\u00e1 festivalov\u00e1 sez\u00f3na sa op\u00e4\u0165 rozbehla naplno \u2013 a my sme boli pri tom! Na festivale POHODA 2025 sme spojili sily s Orange Slovensko, aby sme n\u00e1v\u0161tevn\u00edkom pon\u00fakli komfortn\u00e9 a udr\u017eate\u013en\u00e9 nab\u00edjanie v srdci diania. Nab\u00edja\u010dky nap\u00e1jan\u00e9 slnkom Vo festivalovej Orange z\u00f3ne bola po cel\u00fa dobu n\u00e1v\u0161tevn\u00edkom k dispoz\u00edcii nab\u00edjacia stanica, ktor\u00fa nap\u00e1jala mobiln\u00e1 sol\u00e1rna [&hellip;]\" \/>\n<meta property=\"og:url\" content=\"https:\/\/a2b.sk\/en\/news\/a2b-priviedlo-solarnu-energiu-na-festival-pohoda-2025\/\" \/>\n<meta property=\"og:site_name\" content=\"a2b - energy for the future\" \/>\n<meta property=\"article:published_time\" content=\"2025-08-06T13:36:22+00:00\" \/>\n<meta property=\"article:modified_time\" content=\"2025-08-21T07:04:37+00:00\" \/>\n<meta property=\"og:image\" content=\"https:\/\/a2b.sk\/wp-content\/uploads\/2025\/08\/DSCF0439_u.jpeg\" \/>\n\t<meta property=\"og:image:width\" content=\"1920\" \/>\n\t<meta property=\"og:image:height\" content=\"1079\" \/>\n\t<meta property=\"og:image:type\" content=\"image\/jpeg\" \/>\n<meta name=\"author\" content=\"info@a2b.sk\" \/>\n<meta name=\"twitter:card\" content=\"summary_large_image\" \/>\n<meta name=\"twitter:label1\" content=\"Written by\" \/>\n\t<meta name=\"twitter:data1\" content=\"info@a2b.sk\" \/>\n\t<meta name=\"twitter:label2\" content=\"Est. reading time\" \/>\n\t<meta name=\"twitter:data2\" content=\"1 minute\" \/>\n<script type=\"application\/ld+json\" class=\"yoast-schema-graph\">{\"@context\":\"https:\/\/schema.org\",\"@graph\":[{\"@type\":\"WebPage\",\"@id\":\"https:\/\/a2b.sk\/en\/news\/a2b-priviedlo-solarnu-energiu-na-festival-pohoda-2025\/\",\"url\":\"https:\/\/a2b.sk\/en\/news\/a2b-priviedlo-solarnu-energiu-na-festival-pohoda-2025\/\",\"name\":\"A2B priviedlo sol\u00e1rnu energiu na festival POHODA 2025 - a2b - energy for the future\",\"isPartOf\":{\"@id\":\"https:\/\/a2b.sk\/en\/#website\"},\"primaryImageOfPage\":{\"@id\":\"https:\/\/a2b.sk\/en\/news\/a2b-priviedlo-solarnu-energiu-na-festival-pohoda-2025\/#primaryimage\"},\"image\":{\"@id\":\"https:\/\/a2b.sk\/en\/news\/a2b-priviedlo-solarnu-energiu-na-festival-pohoda-2025\/#primaryimage\"},\"thumbnailUrl\":\"https:\/\/a2b.sk\/wp-content\/uploads\/2025\/08\/DSCF0439_u.jpeg\",\"datePublished\":\"2025-08-06T13:36:22+00:00\",\"dateModified\":\"2025-08-21T07:04:37+00:00\",\"author\":{\"@id\":\"https:\/\/a2b.sk\/en\/#\/schema\/person\/54bb01598eccf4734d487036714dbad0\"},\"breadcrumb\":{\"@id\":\"https:\/\/a2b.sk\/en\/news\/a2b-priviedlo-solarnu-energiu-na-festival-pohoda-2025\/#breadcrumb\"},\"inLanguage\":\"en-US\",\"potentialAction\":[{\"@type\":\"ReadAction\",\"target\":[\"https:\/\/a2b.sk\/en\/news\/a2b-priviedlo-solarnu-energiu-na-festival-pohoda-2025\/\"]}]},{\"@type\":\"ImageObject\",\"inLanguage\":\"en-US\",\"@id\":\"https:\/\/a2b.sk\/en\/news\/a2b-priviedlo-solarnu-energiu-na-festival-pohoda-2025\/#primaryimage\",\"url\":\"https:\/\/a2b.sk\/wp-content\/uploads\/2025\/08\/DSCF0439_u.jpeg\",\"contentUrl\":\"https:\/\/a2b.sk\/wp-content\/uploads\/2025\/08\/DSCF0439_u.jpeg\",\"width\":1920,\"height\":1079},{\"@type\":\"BreadcrumbList\",\"@id\":\"https:\/\/a2b.sk\/en\/news\/a2b-priviedlo-solarnu-energiu-na-festival-pohoda-2025\/#breadcrumb\",\"itemListElement\":[{\"@type\":\"ListItem\",\"position\":1,\"name\":\"news\",\"item\":\"https:\/\/a2b.sk\/en\/news\/\"},{\"@type\":\"ListItem\",\"position\":2,\"name\":\"A2B priviedlo sol\u00e1rnu energiu na festival POHODA 2025\"}]},{\"@type\":\"WebSite\",\"@id\":\"https:\/\/a2b.sk\/en\/#website\",\"url\":\"https:\/\/a2b.sk\/en\/\",\"name\":\"a2b - energy for the future\",\"description\":\"\",\"potentialAction\":[{\"@type\":\"SearchAction\",\"target\":{\"@type\":\"EntryPoint\",\"urlTemplate\":\"https:\/\/a2b.sk\/en\/?s={search_term_string}\"},\"query-input\":\"required name=search_term_string\"}],\"inLanguage\":\"en-US\"},{\"@type\":\"Person\",\"@id\":\"https:\/\/a2b.sk\/en\/#\/schema\/person\/54bb01598eccf4734d487036714dbad0\",\"name\":\"info@a2b.sk\",\"image\":{\"@type\":\"ImageObject\",\"inLanguage\":\"en-US\",\"@id\":\"https:\/\/a2b.sk\/en\/#\/schema\/person\/image\/\",\"url\":\"https:\/\/secure.gravatar.com\/avatar\/41960f5de6974267c00d07cada69ee88?s=96&d=mm&r=g\",\"contentUrl\":\"https:\/\/secure.gravatar.com\/avatar\/41960f5de6974267c00d07cada69ee88?s=96&d=mm&r=g\",\"caption\":\"info@a2b.sk\"},\"url\":\"https:\/\/a2b.sk\/en\/author\/infoa2b-sk\/\"}]}<\/script>\n<!-- \/ Yoast SEO plugin. -->","yoast_head_json":{"title":"A2B priviedlo sol\u00e1rnu energiu na festival POHODA 2025 - a2b - energy for the future","robots":{"index":"index","follow":"follow","max-snippet":"max-snippet:-1","max-image-preview":"max-image-preview:large","max-video-preview":"max-video-preview:-1"},"canonical":"https:\/\/a2b.sk\/en\/news\/a2b-priviedlo-solarnu-energiu-na-festival-pohoda-2025\/","og_locale":"en_US","og_type":"article","og_title":"A2B priviedlo sol\u00e1rnu energiu na festival POHODA 2025 - a2b - energy for the future","og_description":"Letn\u00e1 festivalov\u00e1 sez\u00f3na sa op\u00e4\u0165 rozbehla naplno \u2013 a my sme boli pri tom! Na festivale POHODA 2025 sme spojili sily s Orange Slovensko, aby sme n\u00e1v\u0161tevn\u00edkom pon\u00fakli komfortn\u00e9 a udr\u017eate\u013en\u00e9 nab\u00edjanie v srdci diania. Nab\u00edja\u010dky nap\u00e1jan\u00e9 slnkom Vo festivalovej Orange z\u00f3ne bola po cel\u00fa dobu n\u00e1v\u0161tevn\u00edkom k dispoz\u00edcii nab\u00edjacia stanica, ktor\u00fa nap\u00e1jala mobiln\u00e1 sol\u00e1rna [&hellip;]","og_url":"https:\/\/a2b.sk\/en\/news\/a2b-priviedlo-solarnu-energiu-na-festival-pohoda-2025\/","og_site_name":"a2b - energy for the future","article_published_time":"2025-08-06T13:36:22+00:00","article_modified_time":"2025-08-21T07:04:37+00:00","og_image":[{"width":1920,"height":1079,"url":"https:\/\/a2b.sk\/wp-content\/uploads\/2025\/08\/DSCF0439_u.jpeg","type":"image\/jpeg"}],"author":"info@a2b.sk","twitter_card":"summary_large_image","twitter_misc":{"Written by":"info@a2b.sk","Est. reading time":"1 minute"},"schema":{"@context":"https:\/\/schema.org","@graph":[{"@type":"WebPage","@id":"https:\/\/a2b.sk\/en\/news\/a2b-priviedlo-solarnu-energiu-na-festival-pohoda-2025\/","url":"https:\/\/a2b.sk\/en\/news\/a2b-priviedlo-solarnu-energiu-na-festival-pohoda-2025\/","name":"A2B priviedlo sol\u00e1rnu energiu na festival POHODA 2025 - a2b - energy for the future","isPartOf":{"@id":"https:\/\/a2b.sk\/en\/#website"},"primaryImageOfPage":{"@id":"https:\/\/a2b.sk\/en\/news\/a2b-priviedlo-solarnu-energiu-na-festival-pohoda-2025\/#primaryimage"},"image":{"@id":"https:\/\/a2b.sk\/en\/news\/a2b-priviedlo-solarnu-energiu-na-festival-pohoda-2025\/#primaryimage"},"thumbnailUrl":"https:\/\/a2b.sk\/wp-content\/uploads\/2025\/08\/DSCF0439_u.jpeg","datePublished":"2025-08-06T13:36:22+00:00","dateModified":"2025-08-21T07:04:37+00:00","author":{"@id":"https:\/\/a2b.sk\/en\/#\/schema\/person\/54bb01598eccf4734d487036714dbad0"},"breadcrumb":{"@id":"https:\/\/a2b.sk\/en\/news\/a2b-priviedlo-solarnu-energiu-na-festival-pohoda-2025\/#breadcrumb"},"inLanguage":"en-US","potentialAction":[{"@type":"ReadAction","target":["https:\/\/a2b.sk\/en\/news\/a2b-priviedlo-solarnu-energiu-na-festival-pohoda-2025\/"]}]},{"@type":"ImageObject","inLanguage":"en-US","@id":"https:\/\/a2b.sk\/en\/news\/a2b-priviedlo-solarnu-energiu-na-festival-pohoda-2025\/#primaryimage","url":"https:\/\/a2b.sk\/wp-content\/uploads\/2025\/08\/DSCF0439_u.jpeg","contentUrl":"https:\/\/a2b.sk\/wp-content\/uploads\/2025\/08\/DSCF0439_u.jpeg","width":1920,"height":1079},{"@type":"BreadcrumbList","@id":"https:\/\/a2b.sk\/en\/news\/a2b-priviedlo-solarnu-energiu-na-festival-pohoda-2025\/#breadcrumb","itemListElement":[{"@type":"ListItem","position":1,"name":"news","item":"https:\/\/a2b.sk\/en\/news\/"},{"@type":"ListItem","position":2,"name":"A2B priviedlo sol\u00e1rnu energiu na festival POHODA 2025"}]},{"@type":"WebSite","@id":"https:\/\/a2b.sk\/en\/#website","url":"https:\/\/a2b.sk\/en\/","name":"a2b - energy for the future","description":"","potentialAction":[{"@type":"SearchAction","target":{"@type":"EntryPoint","urlTemplate":"https:\/\/a2b.sk\/en\/?s={search_term_string}"},"query-input":"required name=search_term_string"}],"inLanguage":"en-US"},{"@type":"Person","@id":"https:\/\/a2b.sk\/en\/#\/schema\/person\/54bb01598eccf4734d487036714dbad0","name":"info@a2b.sk","image":{"@type":"ImageObject","inLanguage":"en-US","@id":"https:\/\/a2b.sk\/en\/#\/schema\/person\/image\/","url":"https:\/\/secure.gravatar.com\/avatar\/41960f5de6974267c00d07cada69ee88?s=96&d=mm&r=g","contentUrl":"https:\/\/secure.gravatar.com\/avatar\/41960f5de6974267c00d07cada69ee88?s=96&d=mm&r=g","caption":"info@a2b.sk"},"url":"https:\/\/a2b.sk\/en\/author\/infoa2b-sk\/"}]}},"_links":{"self":[{"href":"https:\/\/a2b.sk\/en\/wp-json\/wp\/v2\/posts\/17330"}],"collection":[{"href":"https:\/\/a2b.sk\/en\/wp-json\/wp\/v2\/posts"}],"about":[{"href":"https:\/\/a2b.sk\/en\/wp-json\/wp\/v2\/types\/post"}],"author":[{"embeddable":true,"href":"https:\/\/a2b.sk\/en\/wp-json\/wp\/v2\/users\/3"}],"replies":[{"embeddable":true,"href":"https:\/\/a2b.sk\/en\/wp-json\/wp\/v2\/comments?post=17330"}],"version-history":[{"count":2,"href":"https:\/\/a2b.sk\/en\/wp-json\/wp\/v2\/posts\/17330\/revisions"}],"predecessor-version":[{"id":17349,"href":"https:\/\/a2b.sk\/en\/wp-json\/wp\/v2\/posts\/17330\/revisions\/17349"}],"wp:featuredmedia":[{"embeddable":true,"href":"https:\/\/a2b.sk\/en\/wp-json\/wp\/v2\/media\/17347"}],"wp:attachment":[{"href":"https:\/\/a2b.sk\/en\/wp-json\/wp\/v2\/media?parent=17330"}],"wp:term":[{"taxonomy":"category","embeddable":true,"href":"https:\/\/a2b.sk\/en\/wp-json\/wp\/v2\/categories?post=17330"},{"taxonomy":"post_tag","embeddable":true,"href":"https:\/\/a2b.sk\/en\/wp-json\/wp\/v2\/tags?post=17330"}],"curies":[{"name":"wp","href":"https:\/\/api.w.org\/{rel}","templated":true}]}}